{"id":479,"date":"2018-04-23T06:52:42","date_gmt":"2018-04-23T06:52:42","guid":{"rendered":"http:\/\/wir-hier.org\/?p=479"},"modified":"2018-04-24T13:01:47","modified_gmt":"2018-04-24T13:01:47","slug":"479","status":"publish","type":"post","link":"https:\/\/wir-hier.org\/?p=479","title":{"rendered":"Rottstocker Dorfkirche &#8222;bekommt wieder Luft&#8220;"},"content":{"rendered":"<p><img loading=\"lazy\" decoding=\"async\" class=\"size-medium wp-image-490 alignright\" src=\"https:\/\/wir-hier.org\/wp-content\/uploads\/2018\/04\/IMG_5522-300x225.jpeg\" alt=\"\" width=\"300\" height=\"225\" srcset=\"https:\/\/wir-hier.org\/wp-content\/uploads\/2018\/04\/IMG_5522-300x225.jpeg 300w, https:\/\/wir-hier.org\/wp-content\/uploads\/2018\/04\/IMG_5522-768x576.jpeg 768w, https:\/\/wir-hier.org\/wp-content\/uploads\/2018\/04\/IMG_5522-644x483.jpeg 644w, https:\/\/wir-hier.org\/wp-content\/uploads\/2018\/04\/IMG_5522-840x630.jpeg 840w, https:\/\/wir-hier.org\/wp-content\/uploads\/2018\/04\/IMG_5522-440x330.jpeg 440w, https:\/\/wir-hier.org\/wp-content\/uploads\/2018\/04\/IMG_5522.jpeg 1280w\" sizes=\"auto, (max-width: 300px) 100vw, 300px\" \/>Nach jahrelanger \u00dcberlegung, Planung und Genehmigung konnten unl\u00e4ngst im unmittelbaren Umfeld der Dorfkirche Rottstock 5 der insgesamt 10 alten Winterlinden gef\u00e4llt werden. Die verbleibenden 5 B\u00e4ume erhielten eine gesunde K\u00fcrzung der Baumkronen. Den Auftrag f\u00fchrte <a href=\"http:\/\/www.baumpflege-r\u00e4bel.de\" target=\"_blank\" rel=\"noopener\">Fa. Baumpflege R\u00e4bel<\/a> kurz vor Ende der F\u00e4llsaison dieses Winters mit sehr moderner Technik aus. Ein umfangreiches Gutachten durch Holger Gabel aus Werder\/ Havel machte uns klar, dass die B\u00e4ume ca. 120 Jahre alt sind, die letzte Stufe (die Vergreisung der B\u00e4ume) erreicht ist und wir fr\u00fcher oder sp\u00e4ter h\u00e4tten eingreifen m\u00fcssen. Ein Baum wies sogar starke Vitalsch\u00e4den auf und sollte unbedingt gef\u00e4llt werden. Unser Hauptanliegen war es aber, das Kirchengeb\u00e4ude selbst vor sturmbedingtem Astbruch und Bemoosung zu sch\u00fctzen.<\/p>\n<p>Der erste Eindruck war toll, denn auch wenn die Baumkronen und das Stammholz noch auf dem Gel\u00e4nde verteilt sind und auf die entsprechende R\u00e4umung warten, steht unsere Kirche gro\u00df und freundlich da. Wenn man von G\u00f6rzke kommend in den Ortf\u00e4hrt, nimmt man sie ganz anders wahr und empfindet ihren Anblick regelrecht als befreit. Das durch den Schatten der dicht aneinander stehenden B\u00e4ume, inzwischen stark bemooste Geb\u00e4ude kann endlich wieder atmen\u2026<\/p>\n<p><img loading=\"lazy\" decoding=\"async\" class=\"size-medium wp-image-491 alignleft\" src=\"https:\/\/wir-hier.org\/wp-content\/uploads\/2018\/04\/IMG_5527-300x200.jpeg\" alt=\"\" width=\"300\" height=\"200\" srcset=\"https:\/\/wir-hier.org\/wp-content\/uploads\/2018\/04\/IMG_5527-300x200.jpeg 300w, https:\/\/wir-hier.org\/wp-content\/uploads\/2018\/04\/IMG_5527-768x513.jpeg 768w, https:\/\/wir-hier.org\/wp-content\/uploads\/2018\/04\/IMG_5527-644x430.jpeg 644w, https:\/\/wir-hier.org\/wp-content\/uploads\/2018\/04\/IMG_5527.jpeg 1280w\" sizes=\"auto, (max-width: 300px) 100vw, 300px\" \/>Die ersten sonnigen Tage im M\u00e4rz taten nicht nur uns Menschen gut, sondern auch unserer kleinen Kirche. Auch die Glasmalereien, die wir vor wenigen Jahren erst von der Stiftung Glasmalereien des 20. Jh. durch Familie Jansen-Winkeln aus M\u00f6nchengladbach geschenkt bekommen haben, erstrahlen nun noch mehr in ihren wundersch\u00f6nen Farben.<\/p>\n<p><img loading=\"lazy\" decoding=\"async\" class=\"size-medium wp-image-493 alignright\" src=\"https:\/\/wir-hier.org\/wp-content\/uploads\/2018\/04\/IMG_5528-269x300.jpeg\" alt=\"\" width=\"269\" height=\"300\" srcset=\"https:\/\/wir-hier.org\/wp-content\/uploads\/2018\/04\/IMG_5528-269x300.jpeg 269w, https:\/\/wir-hier.org\/wp-content\/uploads\/2018\/04\/IMG_5528-768x857.jpeg 768w, https:\/\/wir-hier.org\/wp-content\/uploads\/2018\/04\/IMG_5528-644x718.jpeg 644w, https:\/\/wir-hier.org\/wp-content\/uploads\/2018\/04\/IMG_5528.jpeg 961w\" sizes=\"auto, (max-width: 269px) 100vw, 269px\" \/>Wir sind froh, dass wir uns zu diesem Schritt entschieden haben und werden uns nun um die R\u00e4umung des Kirchenumfeldes und einen ordentlichen Fr\u00fchjahrsputz in und um die Kirche k\u00fcmmern. Die auflagenbedingte Ausgleichspflanzung (6 B\u00e4ume) erfordert noch einmal Verhandlungen mit der unteren Naturschutzbeh\u00f6rde, um auch hier wieder alle M\u00f6glichkeiten zu \u00fcberdenken und die richtigen Entscheidungen treffen zu k\u00f6nnen.<\/p>\n<p>Jetzt aber, freuen wir uns erstmal auf den gemeinsamen Familiengottesdienst unserer Region, hier in unserer (beheizten) Rottstocker Dorfkirche am Ostersonntag um 10.00 Uhr und auf m\u00f6glichst viele Gottesdienstbesucher\u2026<\/p>\n<p>&nbsp;<\/p>\n<p>Andrea Wallbaum-Haug \/ Kirchen\u00e4lteste Rottstock<\/p>\n","protected":false},"excerpt":{"rendered":"<p>Nach jahrelanger \u00dcberlegung, Planung und Genehmigung konnten unl\u00e4ngst im unmittelbaren Umfeld der Dorfkirche Rottstock 5 der insgesamt 10 alten Winterlinden gef\u00e4llt werden. Die verbleibenden 5 B\u00e4ume erhielten eine gesunde K\u00fcrzung der Baumkronen. Den Auftrag f\u00fchrte<\/p>\n","protected":false},"author":2,"featured_media":0,"comment_status":"closed","ping_status":"open","sticky":false,"template":"","format":"standard","meta":{"footnotes":""},"categories":[16],"tags":[],"class_list":["post-479","post","type-post","status-publish","format-standard","hentry","category-baumassnahmen"],"_links":{"self":[{"href":"https:\/\/wir-hier.org\/index.php?rest_route=\/wp\/v2\/posts\/479","targetHints":{"allow":["GET"]}}],"collection":[{"href":"https:\/\/wir-hier.org\/index.php?rest_route=\/wp\/v2\/posts"}],"about":[{"href":"https:\/\/wir-hier.org\/index.php?rest_route=\/wp\/v2\/types\/post"}],"author":[{"embeddable":true,"href":"https:\/\/wir-hier.org\/index.php?rest_route=\/wp\/v2\/users\/2"}],"replies":[{"embeddable":true,"href":"https:\/\/wir-hier.org\/index.php?rest_route=%2Fwp%2Fv2%2Fcomments&post=479"}],"version-history":[{"count":9,"href":"https:\/\/wir-hier.org\/index.php?rest_route=\/wp\/v2\/posts\/479\/revisions"}],"predecessor-version":[{"id":611,"href":"https:\/\/wir-hier.org\/index.php?rest_route=\/wp\/v2\/posts\/479\/revisions\/611"}],"wp:attachment":[{"href":"https:\/\/wir-hier.org\/index.php?rest_route=%2Fwp%2Fv2%2Fmedia&parent=479"}],"wp:term":[{"taxonomy":"category","embeddable":true,"href":"https:\/\/wir-hier.org\/index.php?rest_route=%2Fwp%2Fv2%2Fcategories&post=479"},{"taxonomy":"post_tag","embeddable":true,"href":"https:\/\/wir-hier.org\/index.php?rest_route=%2Fwp%2Fv2%2Ftags&post=479"}],"curies":[{"name":"wp","href":"https:\/\/api.w.org\/{rel}","templated":true}]}}